{"id":10689,"__str__":"Requerimento n\u00ba 123 de 2025","link_detail_backend":"/materia/10689","metadata":{},"numero":123,"ano":2025,"numero_protocolo":421,"data_apresentacao":"2025-03-07","tipo_apresentacao":"","data_publicacao":null,"numero_origem_externa":"","ano_origem_externa":null,"data_origem_externa":null,"apelido":"","dias_prazo":null,"data_fim_prazo":null,"em_tramitacao":true,"polemica":false,"objeto":"","complementar":false,"ementa":"Eu, Vereador Adilson Jos\u00e9, no uso das minhas atribui\u00e7\u00f5es legais, venho, respeitosamente, \u00e0 presen\u00e7a da Mesa Plen\u00e1ria desta Casa Legislativa, para solicitar que seja encaminhado ao Presidente da EMBASA, Sr. Felipe Ant\u00f4nio Nascimento Madureira, o seguinte requerimento: Considerando a necessidade de amplia\u00e7\u00e3o do fornecimento de \u00e1gua pot\u00e1vel, venho requerer a extens\u00e3o da rede de \u00e1gua da Vila Juerana at\u00e9 a Tulha. Essa extens\u00e3o \u00e9 fundamental para garantir o abastecimento de \u00e1gua pot\u00e1vel para as fam\u00edlias que residem nessas localidades, melhorando, assim, a qualidade de vida e as condi\u00e7\u00f5es de sa\u00fade da popula\u00e7\u00e3o.","indexacao":"","observacao":"","resultado":"","texto_original":"http://sapl.ilheus.ba.leg.br/media/sapl/public/materialegislativa/2025/10689/extensao_de_agua_vila_juerana_ate_a_tulia..pdf","data_ultima_atualizacao":"2025-03-07T11:48:31.299197-03:00","ip":"","ultima_edicao":null,"tipo":2,"regime_tramitacao":1,"tipo_origem_externa":null,"local_origem_externa":null,"user":null,"anexadas":[],"autores":[69]}