{"id":10764,"__str__":"JUSTIFICATIVA DE AUS\u00caNCIA n\u00ba 7 de 2025","link_detail_backend":"/materia/10764","metadata":{},"numero":7,"ano":2025,"numero_protocolo":496,"data_apresentacao":"2025-03-11","tipo_apresentacao":"","data_publicacao":null,"numero_origem_externa":"","ano_origem_externa":null,"data_origem_externa":null,"apelido":"","dias_prazo":null,"data_fim_prazo":null,"em_tramitacao":true,"polemica":false,"objeto":"","complementar":false,"ementa":"Ap\u00f3s os melhores cumprimentos, venho, por meio deste, justificar a aus\u00eancia deste signat\u00e1rio na 8\u00aa e 9\u00aa Sess\u00e3o Ordin\u00e1ria, 11 e 12 de mar\u00e7o do ano corrente, respectivamente. A aus\u00eancia deve-se \u00e0 participa\u00e7\u00e3o, na qualidade de delegado eleito, na 4\u00aa Confer\u00eancia Estadual do Meio Ambiente (CEMA), cujo tema ser\u00e1 \u201cEmerg\u00eancia Clim\u00e1tica: O Desafio da Transforma\u00e7\u00e3o Ecol\u00f3gica\u201d. Cumpre destacar que este subscritor estar\u00e1 como \u00fanico representante do Poder P\u00fablico Municipal de Ilh\u00e9us, uma vez que foi eleito como delegado na 1\u00aa Confer\u00eancia Intermunicipal de Meio Ambiente - Territ\u00f3rio Litoral Sul e M\u00e9dio Sudoeste da Bahia, realizada em 05 de dezembro de 2024.","indexacao":"","observacao":"","resultado":"","texto_original":"http://sapl.ilheus.ba.leg.br/media/sapl/public/materialegislativa/2025/10764/oficio_28.docx.pdf","data_ultima_atualizacao":"2025-03-11T15:05:59.886104-03:00","ip":"","ultima_edicao":null,"tipo":26,"regime_tramitacao":1,"tipo_origem_externa":null,"local_origem_externa":null,"user":null,"anexadas":[],"autores":[23]}