{"id":11181,"__str__":"INDICA\u00c7\u00c3O n\u00ba 573 de 2025","link_detail_backend":"/materia/11181","metadata":{},"numero":573,"ano":2025,"numero_protocolo":911,"data_apresentacao":"2025-04-09","tipo_apresentacao":"","data_publicacao":null,"numero_origem_externa":"","ano_origem_externa":null,"data_origem_externa":null,"apelido":"","dias_prazo":null,"data_fim_prazo":null,"em_tramitacao":false,"polemica":false,"objeto":"","complementar":false,"ementa":"Senhor Presidente,\r\nO Vereador signat\u00e1rio, com assento nesta Casa Legislativa e no uso da atribui\u00e7\u00e3o que lhe confere o Regimento Interno, solicita a Vossa Excel\u00eancia que envie um oficio ao EXMO. SR. PREFEITO VALDERICO J\u00daNIOR, COM C\u00d3PIA PARA O SECRETARIO MUNICIPAL DE INFRAESTRUTURA E DEFESA CIVIL SR. GABRIEL CERQUEIRA, SOLICITANDO DO PODER EXECUTIVO PARA FAZER A CONTEN\u00c7\u00c3O DE ENCOSTA DO ALTO DA UBERL\u00c2NDIA  EM FRENTE AO N\u00ba 61 NO FUNDO DE LR AUTO PE\u00c7AS, NO ALTO DA TAPERA.","indexacao":"","observacao":"","resultado":"","texto_original":"http://sapl.ilheus.ba.leg.br/media/sapl/public/materialegislativa/2025/11181/contencao_alto_da_tapera.pdf","data_ultima_atualizacao":"2025-05-07T16:20:22.726071-03:00","ip":"","ultima_edicao":null,"tipo":1,"regime_tramitacao":1,"tipo_origem_externa":null,"local_origem_externa":null,"user":null,"anexadas":[],"autores":[7]}