{"id":12157,"__str__":"JUSTIFICATIVA DE AUS\u00caNCIA n\u00ba 45 de 2025","link_detail_backend":"/materia/12157","metadata":{},"numero":45,"ano":2025,"numero_protocolo":1876,"data_apresentacao":"2025-07-11","tipo_apresentacao":"","data_publicacao":null,"numero_origem_externa":"","ano_origem_externa":null,"data_origem_externa":null,"apelido":"","dias_prazo":null,"data_fim_prazo":null,"em_tramitacao":true,"polemica":false,"objeto":"","complementar":false,"ementa":"Of\u00edcio n\u00ba 015/2025                                                                 Ilh\u00e9us, 04 de julho de 2025.\r\n\r\nAo Senhor \r\nAugusto C\u00e9sar Porto\r\nPresidente da C\u00e2mara Municipal de Ilh\u00e9us\r\n\r\nAssunto: Justificativa de aus\u00eancia em sess\u00e3o Extraordin\u00e1ria\r\n\r\nSenhor Presidente,\r\n\r\nVenho, por meio deste, justificar minha aus\u00eancia na audi\u00eancia extraordin\u00e1ria realizada no dia 26 de junho do corrente ano, em virtude de problemas de sa\u00fade que me impossibilitaram de comparecer \u00e0s atividades legislativas naquela data.\r\nInformo ainda que segue anexo o atestado m\u00e9dico correspondente, para fins de comprova\u00e7\u00e3o e registro junto \u00e0 esta Casa Legislativa.","indexacao":"","observacao":"","resultado":"","texto_original":"http://sapl.ilheus.ba.leg.br/media/sapl/public/materialegislativa/2025/12157/oficio_e_atestado.pdf","data_ultima_atualizacao":"2025-07-11T15:41:36.597158-03:00","ip":"","ultima_edicao":null,"tipo":26,"regime_tramitacao":1,"tipo_origem_externa":null,"local_origem_externa":null,"user":null,"anexadas":[],"autores":[21]}