{"id":12445,"__str__":"Requerimento n\u00ba 474 de 2025","link_detail_backend":"/materia/12445","metadata":{},"numero":474,"ano":2025,"numero_protocolo":2162,"data_apresentacao":"2025-08-04","tipo_apresentacao":"","data_publicacao":null,"numero_origem_externa":"","ano_origem_externa":null,"data_origem_externa":null,"apelido":"","dias_prazo":null,"data_fim_prazo":null,"em_tramitacao":true,"polemica":false,"objeto":"","complementar":false,"ementa":"Requer o envio de correspond\u00eancia ao Prefeito Municipal, para que preste INFORMA\u00c7\u00d5ES  detalhadas acerca das medidas adotadas ou previstas pela Administra\u00e7\u00e3o para o refor\u00e7o da seguran\u00e7a, melhoria da ilumina\u00e7\u00e3o, manuten\u00e7\u00e3o da infraestrutura e implanta\u00e7\u00e3o de sistema de monitoramento no Cemit\u00e9rio da Vit\u00f3ria. A presente solicita\u00e7\u00e3o fundamenta-se em diversos relatos de atos de vandalismo ocorridos no local, os quais t\u00eam causado profunda indigna\u00e7\u00e3o \u00e0 popula\u00e7\u00e3o e desrespeito \u00e0 mem\u00f3ria dos entes sepultados, afetando diretamente o direito das fam\u00edlias a um ambiente digno, seguro e preservado.","indexacao":"","observacao":"","resultado":"","texto_original":"http://sapl.ilheus.ba.leg.br/media/sapl/public/materialegislativa/2025/12445/req_124_2025_-_prefeito_-_cemiterio_da_vitoria.pdf","data_ultima_atualizacao":"2025-08-04T16:12:14.976116-03:00","ip":"","ultima_edicao":null,"tipo":2,"regime_tramitacao":1,"tipo_origem_externa":null,"local_origem_externa":null,"user":null,"anexadas":[],"autores":[22]}