{"id":12499,"__str__":"INDICA\u00c7\u00c3O n\u00ba 1348 de 2025","link_detail_backend":"/materia/12499","metadata":{},"numero":1348,"ano":2025,"numero_protocolo":2216,"data_apresentacao":"2025-08-08","tipo_apresentacao":"","data_publicacao":null,"numero_origem_externa":"","ano_origem_externa":null,"data_origem_externa":null,"apelido":"","dias_prazo":null,"data_fim_prazo":null,"em_tramitacao":true,"polemica":false,"objeto":"","complementar":false,"ementa":"INDICAR AO EXCELENT\u00cdSSIMO PREFEITO MUNICIPAL, VALDERICO LUIZ DOS REIS JUNIOR, e \u00e0 AUTARQUIA DE TRANSPORTE E TR\u00c2NSITO (SUTRAM), A REALIZA\u00c7\u00c3O DA PINTURA DE FAIXA DE PEDESTRE NAS IMEDIA\u00c7\u00d5ES DA PADARIA P\u00c3O DE BELA, SITUADA NA AVENIDA ESPERAN\u00c7A.","indexacao":"","observacao":"","resultado":"","texto_original":"http://sapl.ilheus.ba.leg.br/media/sapl/public/materialegislativa/2025/12499/pintura_de_faixa_imediacao_padaria_pao_de_bela_av_esperanca.pdf","data_ultima_atualizacao":"2025-08-08T12:36:30.506469-03:00","ip":"","ultima_edicao":null,"tipo":1,"regime_tramitacao":1,"tipo_origem_externa":null,"local_origem_externa":null,"user":null,"anexadas":[],"autores":[71]}