{"id":12561,"__str__":"Requerimento n\u00ba 493 de 2025","link_detail_backend":"/materia/12561","metadata":{},"numero":493,"ano":2025,"numero_protocolo":2278,"data_apresentacao":"2025-08-08","tipo_apresentacao":"","data_publicacao":null,"numero_origem_externa":"","ano_origem_externa":null,"data_origem_externa":null,"apelido":"","dias_prazo":null,"data_fim_prazo":null,"em_tramitacao":true,"polemica":false,"objeto":"","complementar":false,"ementa":"Requer o envio de correspond\u00eancia ao Prefeito Municipal, com aten\u00e7\u00e3o \u00e0 Autarquia de Transporte e Tr\u00e2nsito, solicitando INFORMA\u00c7\u00d5ES E ESCLARECIMENTOS  acerca dos motivos pelos quais ainda n\u00e3o foi realizada a instala\u00e7\u00e3o de faixa elevada de pedestres no trecho inferior da Avenida Tancredo Neves, nas proximidades da AFC, situada na Zona Sul do Munic\u00edpio. A presente solicita\u00e7\u00e3o fundamenta-se no expressivo fluxo de ve\u00edculos na referida via, especialmente em raz\u00e3o da proximidade com a \u00e1rea escolar. A implanta\u00e7\u00e3o da referida sinaliza\u00e7\u00e3o \u00e9 medida de not\u00f3ria relev\u00e2ncia para a seguran\u00e7a dos pedestres, em especial crian\u00e7as e adolescentes. Al\u00e9m disso, solicita-se informa\u00e7\u00f5es sobre o prazo previsto para a execu\u00e7\u00e3o do servi\u00e7o.","indexacao":"","observacao":"","resultado":"","texto_original":"http://sapl.ilheus.ba.leg.br/media/sapl/public/materialegislativa/2025/12561/req_129_2025_-_sutram_-__instalacao_de_faixa_elevada_de_pedestres_no_trecho_inferior_da_avenida_tancredo_neves_nas_proximidades_da_afc_.pdf","data_ultima_atualizacao":"2025-08-08T17:46:09.047262-03:00","ip":"","ultima_edicao":null,"tipo":2,"regime_tramitacao":1,"tipo_origem_externa":null,"local_origem_externa":null,"user":null,"anexadas":[],"autores":[22]}