{"id":15479,"__str__":"JUSTIFICATIVA DE AUS\u00caNCIA n\u00ba 13 de 2026","link_detail_backend":"/materia/15479","metadata":{},"numero":13,"ano":2026,"numero_protocolo":513,"data_apresentacao":"2026-03-11","tipo_apresentacao":"","data_publicacao":null,"numero_origem_externa":"","ano_origem_externa":null,"data_origem_externa":null,"apelido":"","dias_prazo":null,"data_fim_prazo":null,"em_tramitacao":true,"polemica":false,"objeto":"","complementar":false,"ementa":"Justifica a aus\u00eancia do Vereador Adilson Jos\u00e9 na 9\u00aa Sess\u00e3o Ordin\u00e1ria da 2\u00aa Sess\u00e3o Legislativa da 55\u00aa Legislatura, realizada em 10 de mar\u00e7o de 2026, em raz\u00e3o de reuni\u00e3o institucional na cidade de Salvador.","indexacao":"","observacao":"","resultado":"","texto_original":"http://sapl.ilheus.ba.leg.br/media/sapl/public/materialegislativa/2026/15479/justificativa_10_de_marco_de_2026.pdf","data_ultima_atualizacao":"2026-03-11T15:38:25.119478-03:00","ip":"","ultima_edicao":null,"tipo":26,"regime_tramitacao":1,"tipo_origem_externa":null,"local_origem_externa":null,"user":null,"anexadas":[],"autores":[69]}