{"id":2809,"__str__":"PROJETO DE LEI ORDIN\u00c1RIA n\u00ba 60 de 2022","link_detail_backend":"/materia/2809","metadata":{},"numero":60,"ano":2022,"numero_protocolo":1928,"data_apresentacao":"2022-07-13","tipo_apresentacao":"","data_publicacao":null,"numero_origem_externa":"","ano_origem_externa":null,"data_origem_externa":null,"apelido":"","dias_prazo":null,"data_fim_prazo":null,"em_tramitacao":true,"polemica":false,"objeto":"","complementar":false,"ementa":"\u201cAltera a denomina\u00e7\u00e3o das Pra\u00e7as de Taxi de n\u00fameros para os seguintes nomes: Pra\u00e7a 01 para Jos\u00e9 Pinheiro, Pra\u00e7a 02\u00aa para Ant\u00f4nio Carlos (Kadu), Pra\u00e7a 12 Marco Ant\u00f4nio, Pra\u00e7a 15 para Vivaldo Leite e d\u00e1 outras provid\u00eancias.","indexacao":"","observacao":"","resultado":"","texto_original":"http://sapl.ilheus.ba.leg.br/media/sapl/public/materialegislativa/2022/2809/pl_renomeia_de_praca_de_taxis.pdf","data_ultima_atualizacao":"2022-07-13T13:05:04.560084-03:00","ip":"","ultima_edicao":null,"tipo":8,"regime_tramitacao":1,"tipo_origem_externa":null,"local_origem_externa":null,"user":null,"anexadas":[],"autores":[17]}