{"id":4877,"__str__":"VETO n\u00ba 6 de 2023","link_detail_backend":"/materia/4877","metadata":{},"numero":6,"ano":2023,"numero_protocolo":null,"data_apresentacao":"2023-01-25","tipo_apresentacao":"E","data_publicacao":null,"numero_origem_externa":"","ano_origem_externa":null,"data_origem_externa":null,"apelido":"","dias_prazo":null,"data_fim_prazo":null,"em_tramitacao":true,"polemica":false,"objeto":"","complementar":false,"ementa":"Com nossos cumprimentos, valho-me do presente para encaminhar a essa Egr\u00e9gia Casa Legislativa o Veto ao Projeto de Lei n\u00b0. 081/2022, acompanhado das respectivas raz\u00f5es, onde se apontam os fundamentos jur\u00eddicos pelos quais o Poder Executivo, com a devida v\u00eania, entende que o referido projeto\r\nmerece veto por ser eivado de vicio formal de inconstitucionalidade.\r\nSem mais, renovo os protestos de estima e considera\u00e7\u00e3o, extens\u00edveis aos demais Edis desta Casa Legislativa.","indexacao":"","observacao":"","resultado":"","texto_original":"http://sapl.ilheus.ba.leg.br/media/sapl/public/materialegislativa/2023/4877/veto_ao_projeto_de_lei_n_081-2022_autor_ivo.pdf","data_ultima_atualizacao":"2023-02-23T14:57:29.889213-03:00","ip":"138.117.177.74","ultima_edicao":"2023-02-23T14:55:39.478857-03:00","tipo":9,"regime_tramitacao":2,"tipo_origem_externa":null,"local_origem_externa":null,"user":27,"anexadas":[],"autores":[53]}