{"id":4975,"__str__":"PROJETO DE LEI ORDIN\u00c1RIA n\u00ba 7 de 2023","link_detail_backend":"/materia/4975","metadata":{},"numero":7,"ano":2023,"numero_protocolo":321,"data_apresentacao":"2023-02-28","tipo_apresentacao":"","data_publicacao":null,"numero_origem_externa":"","ano_origem_externa":null,"data_origem_externa":null,"apelido":"","dias_prazo":null,"data_fim_prazo":null,"em_tramitacao":true,"polemica":false,"objeto":"","complementar":false,"ementa":"D\u00c1 DENOMINA\u00c7\u00c3O DE ARENINHA \r\nGUSTAVO CEZAR MILTON DA SILVEIRA \r\nFILHO \u2013 \u201cGUSTAV\u00c3O\u201d, A UMA PRA\u00c7A \r\nESPORTIVA DA CIDADE DE ILH\u00c9US E D\u00c1 \r\nOUTRAS PROVID\u00caNCIAS.","indexacao":"","observacao":"","resultado":"","texto_original":"http://sapl.ilheus.ba.leg.br/media/sapl/public/materialegislativa/2023/4975/projeto_de_lei_areninha_da_zona_sul.pdf","data_ultima_atualizacao":"2023-02-28T13:31:57.417904-03:00","ip":"","ultima_edicao":null,"tipo":8,"regime_tramitacao":1,"tipo_origem_externa":null,"local_origem_externa":null,"user":null,"anexadas":[5318],"autores":[9]}