{"id":5534,"__str__":"OF\u00cdCIO n\u00ba 15 de 2023","link_detail_backend":"/materia/5534","metadata":{},"numero":15,"ano":2023,"numero_protocolo":878,"data_apresentacao":"2023-04-26","tipo_apresentacao":"","data_publicacao":null,"numero_origem_externa":"","ano_origem_externa":null,"data_origem_externa":null,"apelido":"","dias_prazo":null,"data_fim_prazo":null,"em_tramitacao":true,"polemica":false,"objeto":"","complementar":false,"ementa":"Assunto: Atestado M\u00e9dico \r\n\r\n vossa excel\u00eancia, por motivo de n\u00e3o est\u00e1 presente nas sess\u00f5es ordin\u00e1rias dos dias 11,12, 18 e 19 do corrente m\u00eas de Abril de 2023, por necessita de afastamento das suas atividades, motivo de sa\u00fade. Anexado o Atestado m\u00e9dico.","indexacao":"","observacao":"","resultado":"","texto_original":"http://sapl.ilheus.ba.leg.br/media/sapl/public/materialegislativa/2023/5534/digitalizado_20230426-1258_-_nerival.pdf","data_ultima_atualizacao":"2023-04-26T13:55:57.322488-03:00","ip":"","ultima_edicao":null,"tipo":12,"regime_tramitacao":1,"tipo_origem_externa":null,"local_origem_externa":null,"user":null,"anexadas":[],"autores":[19]}