{"id":6035,"__str__":"MO\u00c7\u00c3O n\u00ba 35 de 2023","link_detail_backend":"/materia/6035","metadata":{},"numero":35,"ano":2023,"numero_protocolo":1365,"data_apresentacao":"2023-07-10","tipo_apresentacao":"","data_publicacao":null,"numero_origem_externa":"","ano_origem_externa":null,"data_origem_externa":null,"apelido":"","dias_prazo":null,"data_fim_prazo":null,"em_tramitacao":true,"polemica":false,"objeto":"","complementar":false,"ementa":"MO\u00c7\u00c3O DE CONGRATULA\u00c7\u00d5ES \u00c0 IGREJA UNIVERSAL DO REINO DE DEUS, AO BISPO EDIR MACEDO E TODOS OS PASTORES, BISPOS E OBREIROS, EM COMEMORA\u00c7\u00c3O AOS 46 ANOS DE IGREJA.","indexacao":"","observacao":"","resultado":"","texto_original":"http://sapl.ilheus.ba.leg.br/media/sapl/public/materialegislativa/2023/6035/mocao_de_congratulacoes_aos_46_anos_da_igreja_universal.docx_2.pdf","data_ultima_atualizacao":"2023-07-10T12:38:22.306503-03:00","ip":"","ultima_edicao":null,"tipo":3,"regime_tramitacao":2,"tipo_origem_externa":null,"local_origem_externa":null,"user":null,"anexadas":[],"autores":[15]}