{"id":6114,"__str__":"MO\u00c7\u00c3O n\u00ba 41 de 2023","link_detail_backend":"/materia/6114","metadata":{},"numero":41,"ano":2023,"numero_protocolo":1444,"data_apresentacao":"2023-07-14","tipo_apresentacao":"","data_publicacao":null,"numero_origem_externa":"","ano_origem_externa":null,"data_origem_externa":null,"apelido":"","dias_prazo":null,"data_fim_prazo":null,"em_tramitacao":true,"polemica":false,"objeto":"","complementar":false,"ementa":"Senhor Presidente,\r\n O Vereador que esta subscreve prop\u00f5e \u00e0 mesa diretor, nos termos regimentais, que seja consignado em ata e feito constar dos anais desta Casa Legislativa MO\u00c7\u00c3O DE CONGRATULA\u00c7\u00c3O E LOUVOR A IGREJA EVANG\u00c9LICA MONTE SI\u00c3O PELOS SEUS 07 ANOS DE REALIZA\u00c7\u00c3O DA FESTA DA COLHETA, NA PESSOA DO BISPO RICARDO SOARES DE SANTANA E DA BISPA M\u00c1RCIA.","indexacao":"","observacao":"","resultado":"","texto_original":"http://sapl.ilheus.ba.leg.br/media/sapl/public/materialegislativa/2023/6114/igreja_evengelica_monte_siao.pdf","data_ultima_atualizacao":"2023-07-14T12:04:55.740417-03:00","ip":"","ultima_edicao":null,"tipo":3,"regime_tramitacao":2,"tipo_origem_externa":null,"local_origem_externa":null,"user":null,"anexadas":[],"autores":[7]}