{"id":6576,"__str__":"Requerimento n\u00ba 557 de 2023","link_detail_backend":"/materia/6576","metadata":{},"numero":557,"ano":2023,"numero_protocolo":1904,"data_apresentacao":"2023-09-01","tipo_apresentacao":"","data_publicacao":null,"numero_origem_externa":"","ano_origem_externa":null,"data_origem_externa":null,"apelido":"","dias_prazo":null,"data_fim_prazo":null,"em_tramitacao":true,"polemica":false,"objeto":"","complementar":false,"ementa":"Requer o envio de correspond\u00eancia ao Prefeito Municipal, aos cuidados da Secretaria Municipal de Sa\u00fade, para que os mesmos prestem INFORMA\u00c7\u00d5ES E ESCLARECIMENTOS acerca do estado em que se encontram as ambul\u00e2ncias que fazem o transporte dos pacientes fora de domic\u00edlio, visto que, segundo den\u00fancias,  est\u00e3o em p\u00e9ssimo estado de conserva\u00e7\u00e3o, com cadeiras quebradas, portas abrindo durante o trajeto e sem condi\u00e7\u00f5es dignas para realiza\u00e7\u00e3o das viagens. Em tempo, requeiro que sejam tomadas medidas com a maior brevidade poss\u00edvel face \u00e0 urg\u00eancia do caso .","indexacao":"","observacao":"","resultado":"","texto_original":"http://sapl.ilheus.ba.leg.br/media/sapl/public/materialegislativa/2023/6576/059_req_ambulancia_.docx.pdf","data_ultima_atualizacao":"2023-09-01T12:27:29.903654-03:00","ip":"","ultima_edicao":null,"tipo":2,"regime_tramitacao":2,"tipo_origem_externa":null,"local_origem_externa":null,"user":null,"anexadas":[],"autores":[22]}