{"id":7131,"__str__":"INDICA\u00c7\u00c3O n\u00ba 1198 de 2023","link_detail_backend":"/materia/7131","metadata":{},"numero":1198,"ano":2023,"numero_protocolo":2452,"data_apresentacao":"2023-10-16","tipo_apresentacao":"","data_publicacao":null,"numero_origem_externa":"","ano_origem_externa":null,"data_origem_externa":null,"apelido":"","dias_prazo":null,"data_fim_prazo":null,"em_tramitacao":true,"polemica":false,"objeto":"","complementar":false,"ementa":"SERVI\u00c7O DE REQUALIFICA\u00c7\u00c3O (TROCA DE LUMIN\u00c1RIAS, SERVI\u00c7O DE JARDINAGEM, APARELHOS DE LAZER PARA AS CRIAN\u00c7AS, RECOLOCA\u00c7\u00c3O DAS LIXEIRAS, RECUPERA\u00c7\u00c3O DO ASFALTO  E COLOCA\u00c7\u00c3O DE LOMBADAS TRANSVERSAIS),  DA PRA\u00c7A CENTRAL DO SANTO ANT\u00d4NIO DE PADUA- HERNANE S\u00c1.","indexacao":"","observacao":"","resultado":"","texto_original":"http://sapl.ilheus.ba.leg.br/media/sapl/public/materialegislativa/2023/7131/requalificacao_da_praca_central_santo_antonio_de_padua-_hernane_sa.pdf","data_ultima_atualizacao":"2023-10-16T15:45:39.373008-03:00","ip":"","ultima_edicao":null,"tipo":1,"regime_tramitacao":1,"tipo_origem_externa":null,"local_origem_externa":null,"user":null,"anexadas":[],"autores":[10]}