{"id":7165,"__str__":"Requerimento n\u00ba 631 de 2023","link_detail_backend":"/materia/7165","metadata":{},"numero":631,"ano":2023,"numero_protocolo":2485,"data_apresentacao":"2023-10-20","tipo_apresentacao":"","data_publicacao":null,"numero_origem_externa":"","ano_origem_externa":null,"data_origem_externa":null,"apelido":"","dias_prazo":null,"data_fim_prazo":null,"em_tramitacao":true,"polemica":false,"objeto":"","complementar":false,"ementa":"Excelent\u00edssimo Senhor Presidente Paulo Roberto Carqueija, Mesa Diretora,\r\nO vereador signat\u00e1rio, no uso legal de suas atribui\u00e7\u00f5es conferidas na\r\nlegisla\u00e7\u00e3o pertinente, REQUER que seja submetido ao plen\u00e1rio e ap\u00f3s anu\u00eancia,\r\nseja encaminhado correspond\u00eancia ao Exmo. Sr. M\u00e1rio Alexandre Corr\u00eaa de\r\nSousa, solicitando informa\u00e7\u00f5es sobre a possibilidade de ativa\u00e7\u00e3o do Comit\u00ea\r\nGestor Municipal das Micro e Pequenas Empresas, na forma dos artigos 4\u00b0 e 5\u00b0,\r\nda Lei Municipal n\u00b0. 3.495, de 24 de setembro de 2010, que versa sobre a Lei\r\nGeral Municipal da Microempresa e da Empresa de Pequeno Porte e do\r\nMicroempreendedor Individual.","indexacao":"","observacao":"","resultado":"","texto_original":"http://sapl.ilheus.ba.leg.br/media/sapl/public/materialegislativa/2023/7165/req_-_ativacao_comite_gestor_lei_mei_me_e_epp.docx_1.pdf","data_ultima_atualizacao":"2023-10-20T15:05:04.664988-03:00","ip":"","ultima_edicao":null,"tipo":2,"regime_tramitacao":2,"tipo_origem_externa":null,"local_origem_externa":null,"user":null,"anexadas":[],"autores":[15]}