{"id":7243,"__str__":"JUSTIFICATIVA DE AUS\u00caNCIA n\u00ba 93 de 2023","link_detail_backend":"/materia/7243","metadata":{},"numero":93,"ano":2023,"numero_protocolo":2562,"data_apresentacao":"2023-10-30","tipo_apresentacao":"","data_publicacao":null,"numero_origem_externa":"","ano_origem_externa":null,"data_origem_externa":null,"apelido":"","dias_prazo":null,"data_fim_prazo":null,"em_tramitacao":true,"polemica":false,"objeto":"","complementar":false,"ementa":"O Vereador signat\u00e1rio vem, respeitosamente, a Vossa Excel\u00eancia, justificar a aus\u00eancia nas sess\u00e3o ordin\u00e1ria do dia 31 de Outubro. Por motivos de sa\u00fade, conforme atestado m\u00e9dico em anexo.","indexacao":"","observacao":"","resultado":"","texto_original":"http://sapl.ilheus.ba.leg.br/media/sapl/public/materialegislativa/2023/7243/atestado_31_de_outubro.pdf","data_ultima_atualizacao":"2023-10-30T17:55:41.645351-03:00","ip":"","ultima_edicao":null,"tipo":26,"regime_tramitacao":1,"tipo_origem_externa":null,"local_origem_externa":null,"user":null,"anexadas":[],"autores":[6]}