{"id":8580,"__str__":"INDICA\u00c7\u00c3O n\u00ba 431 de 2024","link_detail_backend":"/materia/8580","metadata":{},"numero":431,"ano":2024,"numero_protocolo":710,"data_apresentacao":"2024-04-09","tipo_apresentacao":"","data_publicacao":null,"numero_origem_externa":"","ano_origem_externa":null,"data_origem_externa":null,"apelido":"","dias_prazo":null,"data_fim_prazo":null,"em_tramitacao":false,"polemica":false,"objeto":"","complementar":false,"ementa":"Requer o envio de indica\u00e7\u00e3o ao Prefeito Municipal para que seja criado o centro de refer\u00eancia p\u00fablico para atendimento de pessoas com Transtorno do Espectro Autista (TEA), Transtorno do D\u00e9ficit de Aten\u00e7\u00e3o com Hiperatividade (TDAH), Transtorno de Oposi\u00e7\u00e3o Desafiante (TOD) e outros.","indexacao":"","observacao":"","resultado":"","texto_original":"http://sapl.ilheus.ba.leg.br/media/sapl/public/materialegislativa/2024/8580/096_ind_criacao_do_centro_de_referencia_publico_para_atendimentos_de_pessoas_com_tea_tdah_tod_e_outros..docx.pdf","data_ultima_atualizacao":"2024-05-14T15:20:36.452219-03:00","ip":"","ultima_edicao":null,"tipo":1,"regime_tramitacao":1,"tipo_origem_externa":null,"local_origem_externa":null,"user":null,"anexadas":[],"autores":[22]}