{"id":9109,"__str__":"Requerimento n\u00ba 280 de 2024","link_detail_backend":"/materia/9109","metadata":{},"numero":280,"ano":2024,"numero_protocolo":1233,"data_apresentacao":"2024-07-12","tipo_apresentacao":"","data_publicacao":null,"numero_origem_externa":"","ano_origem_externa":null,"data_origem_externa":null,"apelido":"","dias_prazo":null,"data_fim_prazo":null,"em_tramitacao":true,"polemica":false,"objeto":"","complementar":false,"ementa":"REQUERER, que seja enviado documento oficial, ao Prefeito do Municipio de Ilh\u00e9us: Mario Alexandre, com c\u00f3pia ao Secret\u00e1rio de Sa\u00fade, solicitando estudo de viabilidade para ADES\u00c3O A POLITICA NACIONAL DE ATEN\u00c7\u00c3O \u00c0 SA\u00daDE AUDITIVA, DO GOVERNO FEDERAL.","indexacao":"","observacao":"","resultado":"","texto_original":"http://sapl.ilheus.ba.leg.br/media/sapl/public/materialegislativa/2024/9109/requerimento_saude_auditiva20240629_11153382.pdf","data_ultima_atualizacao":"2024-07-12T11:47:56.745711-03:00","ip":"","ultima_edicao":null,"tipo":2,"regime_tramitacao":2,"tipo_origem_externa":null,"local_origem_externa":null,"user":null,"anexadas":[],"autores":[10]}