{"id":9352,"__str__":"MO\u00c7\u00c3O n\u00ba 86 de 2024","link_detail_backend":"/materia/9352","metadata":{},"numero":86,"ano":2024,"numero_protocolo":1476,"data_apresentacao":"2024-08-12","tipo_apresentacao":"","data_publicacao":null,"numero_origem_externa":"","ano_origem_externa":null,"data_origem_externa":null,"apelido":"","dias_prazo":null,"data_fim_prazo":null,"em_tramitacao":true,"polemica":false,"objeto":"","complementar":false,"ementa":"A Vereadora que esta subscreve, solicita a Vossa Excel\u00eancia que seja encaminhada a presente MO\u00c7\u00c3O DE CONGRATULA\u00c7\u00c3O e APLAUSO para o Sr. Jos\u00e9 Nazal Pacheco Soub, memorialista e fot\u00f3grafo, em raz\u00e3o de sua elei\u00e7\u00e3o para a Acad\u00eamia de Letras de Ilh\u00e9us em que passar\u00e1 a ocupar a cadeira n\u00ba 38, que tem como patrono o Sr. Virg\u00edlio de Lemos.","indexacao":"","observacao":"","resultado":"","texto_original":"http://sapl.ilheus.ba.leg.br/media/sapl/public/materialegislativa/2024/9352/mocao_nazal.pdf","data_ultima_atualizacao":"2024-08-12T14:54:42.292988-03:00","ip":"","ultima_edicao":null,"tipo":3,"regime_tramitacao":2,"tipo_origem_externa":null,"local_origem_externa":null,"user":null,"anexadas":[],"autores":[12]}