{"id":9853,"__str__":"MO\u00c7\u00c3O n\u00ba 129 de 2024","link_detail_backend":"/materia/9853","metadata":{},"numero":129,"ano":2024,"numero_protocolo":1973,"data_apresentacao":"2024-10-25","tipo_apresentacao":"","data_publicacao":null,"numero_origem_externa":"","ano_origem_externa":null,"data_origem_externa":null,"apelido":"","dias_prazo":null,"data_fim_prazo":null,"em_tramitacao":true,"polemica":false,"objeto":"","complementar":false,"ementa":"O Vereador que esta subscreve prop\u00f5e \u00e0 mesa diretor, nos termos regimentais, que seja consignado em ata e feito constar dos anais desta Casa Legislativa MO\u00c7\u00c3O DE CONGRATULA\u00c7\u00c3O E LOUVOR AOS 85 ANOS DE DEDICA\u00c7\u00c3O \u00c0 EDUCA\u00c7\u00c3O DO COL\u00c9GIO INSTITUTO MUNICIPAL DE ENSINO EUS\u00cdNIO LAVIGNE (IME) NA PESSOA DA DIRETORA-GERAL, PROFESSORA EUNICE ALVES DA SILVA HALA.","indexacao":"","observacao":"","resultado":"","texto_original":"http://sapl.ilheus.ba.leg.br/media/sapl/public/materialegislativa/2024/9853/mocao_ao_colegio_ime.pdf","data_ultima_atualizacao":"2024-10-25T16:15:25.973443-03:00","ip":"","ultima_edicao":null,"tipo":3,"regime_tramitacao":2,"tipo_origem_externa":null,"local_origem_externa":null,"user":null,"anexadas":[],"autores":[7]}